{"id":716,"date":"2022-02-11T08:25:09","date_gmt":"2022-02-11T08:25:09","guid":{"rendered":"https:\/\/sandboxnew.stellacare.dk\/?p=716"},"modified":"2025-08-13T11:16:36","modified_gmt":"2025-08-13T11:16:36","slug":"hjaelpe-dem-som-ikke-husker-selv","status":"publish","type":"post","link":"https:\/\/stellacare.dk\/en\/hjaelpe-dem-som-ikke-husker-selv\/","title":{"rendered":"Remember to help those who can\u2019t remember themselves!"},"content":{"rendered":"<p>A new study from the Alzheimer\u2019s Association shows that many people with dementia still leave their private homes or care facilities.<\/p>\n\n\n\n<p><\/p>\n\n\n\n<p>To prevent people with dementia from going missing, the Alzheimer\u2019s Association recommends obtaining a GPS device early in the course of the disease. This way, the device becomes a familiar aid that will benefit the person later in the disease progression, when they have an even greater need for a GPS device. At the same time, it allows the person with dementia to maintain their right to move freely.<\/p>\n\n\n\n<p><\/p>\n\n\n\n<p>With Stella Care\u2019s GPS devices, you can set up a personalized safe zone (geofence) where the person with dementia can move freely. If the person leaves this zone, the GPS device sends an alert to care staff and\/or relatives, who can then use a mobile app to locate the person and help them return home safely.<\/p>\n\n\n\n<p><\/p>\n\n\n\n<p>Fortunately, the numbers are decreasing, which is a positive trend. But there is still more we can do to ensure no one goes missing without a trace.<\/p>\n\n\n\n<p><a href=\"https:\/\/www.alzheimer.dk\/nyheder\/2022\/mennesker-med-demens-forsvinder-jaevnligt-men-alligevel-findes-der-intet-systematisk-overblik-det-her-handler-om-liv-og-doed\/\">Link to the article from the Alzheimer\u2019s Association<\/a><\/p>\n\n\n\n<p><\/p>","protected":false},"excerpt":{"rendered":"<p>En ny unders\u00f8gelse fra Alzheimerforeningen viser, at mange personer med demens stadig forlader deres private hjem eller plejehjem. For at forhindre at personer med demens forvinder, r\u00e5der Alzheimerforeningen til, at man tidligt i sygdomsforl\u00f8bet f\u00e5r en GPS-enhed. P\u00e5 den m\u00e5de er enheden et velkendt hj\u00e6lpemiddel, som vil gavne borgeren senere i sygdomsforl\u00f8bet, hvor personen i [&hellip;]<\/p>\n","protected":false},"author":1,"featured_media":717,"comment_status":"open","ping_status":"closed","sticky":false,"template":"","format":"standard","meta":{"footnotes":""},"categories":[1],"tags":[],"class_list":["post-716","post","type-post","status-publish","format-standard","has-post-thumbnail","hentry","category-uncategorized"],"yoast_head":"<!-- This site is optimized with the Yoast SEO plugin v27.5 - https:\/\/yoast.com\/product\/yoast-seo-wordpress\/ -->\n<title>Husk at hj\u00e6lpe dem som ikke husker selv! | Stella Care<\/title>\n<meta name=\"description\" content=\"Tidlig GPS-brug kan forhindre, at personer med demens g\u00e5r tabt \u2013 skab tryghed og frihed med Stella Cares geofence-l\u00f8sning.\" \/>\n<meta name=\"robots\" content=\"index, follow, max-snippet:-1, max-image-preview:large, max-video-preview:-1\" \/>\n<link rel=\"canonical\" href=\"https:\/\/stellacare.dk\/en\/hjaelpe-dem-som-ikke-husker-selv\/\" \/>\n<meta property=\"og:locale\" content=\"en_GB\" \/>\n<meta property=\"og:type\" content=\"article\" \/>\n<meta property=\"og:title\" content=\"Husk at hj\u00e6lpe dem som ikke husker selv! | Stella Care\" \/>\n<meta property=\"og:description\" content=\"Tidlig GPS-brug kan forhindre, at personer med demens g\u00e5r tabt \u2013 skab tryghed og frihed med Stella Cares geofence-l\u00f8sning.\" \/>\n<meta property=\"og:url\" content=\"https:\/\/stellacare.dk\/en\/hjaelpe-dem-som-ikke-husker-selv\/\" \/>\n<meta property=\"og:site_name\" content=\"Stella Care\" \/>\n<meta property=\"article:publisher\" content=\"https:\/\/www.facebook.com\/stellacareApS\" \/>\n<meta property=\"article:published_time\" content=\"2022-02-11T08:25:09+00:00\" \/>\n<meta property=\"article:modified_time\" content=\"2025-08-13T11:16:36+00:00\" \/>\n<meta property=\"og:image\" content=\"https:\/\/obj3124.public-dk6.clu4.obj.storagefactory.io\/cdn.stellacare.dk\/stellacare.dk\/2025\/05\/19125626\/husk-at-hjaelpe-dem-som-ikke-husker-selv-stella-care.jpg\" \/>\n\t<meta property=\"og:image:width\" content=\"650\" \/>\n\t<meta property=\"og:image:height\" content=\"334\" \/>\n\t<meta property=\"og:image:type\" content=\"image\/jpeg\" \/>\n<meta name=\"author\" content=\"MK\" \/>\n<meta name=\"twitter:card\" content=\"summary_large_image\" \/>\n<meta name=\"twitter:label1\" content=\"Written by\" \/>\n\t<meta name=\"twitter:data1\" content=\"MK\" \/>\n\t<meta name=\"twitter:label2\" content=\"Estimated reading time\" \/>\n\t<meta name=\"twitter:data2\" content=\"2 minutes\" \/>\n<script type=\"application\/ld+json\" class=\"yoast-schema-graph\">{\"@context\":\"https:\\\/\\\/schema.org\",\"@graph\":[{\"@type\":\"Article\",\"@id\":\"https:\\\/\\\/stellacare.dk\\\/hjaelpe-dem-som-ikke-husker-selv\\\/#article\",\"isPartOf\":{\"@id\":\"https:\\\/\\\/stellacare.dk\\\/hjaelpe-dem-som-ikke-husker-selv\\\/\"},\"author\":{\"name\":\"MK\",\"@id\":\"https:\\\/\\\/stellacare.dk\\\/#\\\/schema\\\/person\\\/83d38665f7c74c29e3bf887f853c1437\"},\"headline\":\"Husk at hj\u00e6lpe dem som ikke husker selv!\",\"datePublished\":\"2022-02-11T08:25:09+00:00\",\"dateModified\":\"2025-08-13T11:16:36+00:00\",\"mainEntityOfPage\":{\"@id\":\"https:\\\/\\\/stellacare.dk\\\/hjaelpe-dem-som-ikke-husker-selv\\\/\"},\"wordCount\":185,\"commentCount\":0,\"publisher\":{\"@id\":\"https:\\\/\\\/stellacare.dk\\\/#organization\"},\"image\":{\"@id\":\"https:\\\/\\\/stellacare.dk\\\/hjaelpe-dem-som-ikke-husker-selv\\\/#primaryimage\"},\"thumbnailUrl\":\"https:\\\/\\\/obj3124.public-dk6.clu4.obj.storagefactory.io\\\/cdn.stellacare.dk\\\/stellacare.dk\\\/2025\\\/05\\\/19125626\\\/husk-at-hjaelpe-dem-som-ikke-husker-selv-stella-care.jpg\",\"articleSection\":[\"Uncategorized\"],\"inLanguage\":\"en-GB\",\"potentialAction\":[{\"@type\":\"CommentAction\",\"name\":\"Comment\",\"target\":[\"https:\\\/\\\/stellacare.dk\\\/hjaelpe-dem-som-ikke-husker-selv\\\/#respond\"]}]},{\"@type\":\"WebPage\",\"@id\":\"https:\\\/\\\/stellacare.dk\\\/hjaelpe-dem-som-ikke-husker-selv\\\/\",\"url\":\"https:\\\/\\\/stellacare.dk\\\/hjaelpe-dem-som-ikke-husker-selv\\\/\",\"name\":\"Husk at hj\u00e6lpe dem som ikke husker selv! | Stella Care\",\"isPartOf\":{\"@id\":\"https:\\\/\\\/stellacare.dk\\\/#website\"},\"primaryImageOfPage\":{\"@id\":\"https:\\\/\\\/stellacare.dk\\\/hjaelpe-dem-som-ikke-husker-selv\\\/#primaryimage\"},\"image\":{\"@id\":\"https:\\\/\\\/stellacare.dk\\\/hjaelpe-dem-som-ikke-husker-selv\\\/#primaryimage\"},\"thumbnailUrl\":\"https:\\\/\\\/obj3124.public-dk6.clu4.obj.storagefactory.io\\\/cdn.stellacare.dk\\\/stellacare.dk\\\/2025\\\/05\\\/19125626\\\/husk-at-hjaelpe-dem-som-ikke-husker-selv-stella-care.jpg\",\"datePublished\":\"2022-02-11T08:25:09+00:00\",\"dateModified\":\"2025-08-13T11:16:36+00:00\",\"description\":\"Tidlig GPS-brug kan forhindre, at personer med demens g\u00e5r tabt \u2013 skab tryghed og frihed med Stella Cares geofence-l\u00f8sning.\",\"breadcrumb\":{\"@id\":\"https:\\\/\\\/stellacare.dk\\\/hjaelpe-dem-som-ikke-husker-selv\\\/#breadcrumb\"},\"inLanguage\":\"en-GB\",\"potentialAction\":[{\"@type\":\"ReadAction\",\"target\":[\"https:\\\/\\\/stellacare.dk\\\/hjaelpe-dem-som-ikke-husker-selv\\\/\"]}]},{\"@type\":\"ImageObject\",\"inLanguage\":\"en-GB\",\"@id\":\"https:\\\/\\\/stellacare.dk\\\/hjaelpe-dem-som-ikke-husker-selv\\\/#primaryimage\",\"url\":\"https:\\\/\\\/obj3124.public-dk6.clu4.obj.storagefactory.io\\\/cdn.stellacare.dk\\\/stellacare.dk\\\/2025\\\/05\\\/19125626\\\/husk-at-hjaelpe-dem-som-ikke-husker-selv-stella-care.jpg\",\"contentUrl\":\"https:\\\/\\\/obj3124.public-dk6.clu4.obj.storagefactory.io\\\/cdn.stellacare.dk\\\/stellacare.dk\\\/2025\\\/05\\\/19125626\\\/husk-at-hjaelpe-dem-som-ikke-husker-selv-stella-care.jpg\",\"width\":650,\"height\":334,\"caption\":\"husk-at-hjaelpe-dem-som-ikke-husker-selv-stella-care\"},{\"@type\":\"BreadcrumbList\",\"@id\":\"https:\\\/\\\/stellacare.dk\\\/hjaelpe-dem-som-ikke-husker-selv\\\/#breadcrumb\",\"itemListElement\":[{\"@type\":\"ListItem\",\"position\":1,\"name\":\"Home\",\"item\":\"https:\\\/\\\/stellacare.dk\\\/\"},{\"@type\":\"ListItem\",\"position\":2,\"name\":\"Husk at hj\u00e6lpe dem som ikke husker selv!\"}]},{\"@type\":\"WebSite\",\"@id\":\"https:\\\/\\\/stellacare.dk\\\/#website\",\"url\":\"https:\\\/\\\/stellacare.dk\\\/\",\"name\":\"Stella Care\",\"description\":\"Frihed til at glemme\",\"publisher\":{\"@id\":\"https:\\\/\\\/stellacare.dk\\\/#organization\"},\"potentialAction\":[{\"@type\":\"SearchAction\",\"target\":{\"@type\":\"EntryPoint\",\"urlTemplate\":\"https:\\\/\\\/stellacare.dk\\\/?s={search_term_string}\"},\"query-input\":{\"@type\":\"PropertyValueSpecification\",\"valueRequired\":true,\"valueName\":\"search_term_string\"}}],\"inLanguage\":\"en-GB\"},{\"@type\":\"Organization\",\"@id\":\"https:\\\/\\\/stellacare.dk\\\/#organization\",\"name\":\"Stella Care\",\"url\":\"https:\\\/\\\/stellacare.dk\\\/\",\"logo\":{\"@type\":\"ImageObject\",\"inLanguage\":\"en-GB\",\"@id\":\"https:\\\/\\\/stellacare.dk\\\/#\\\/schema\\\/logo\\\/image\\\/\",\"url\":\"https:\\\/\\\/sandboxnew.stellacare.dk\\\/wp-content\\\/uploads\\\/2025\\\/05\\\/logo-rund.png\",\"contentUrl\":\"https:\\\/\\\/sandboxnew.stellacare.dk\\\/wp-content\\\/uploads\\\/2025\\\/05\\\/logo-rund.png\",\"width\":682,\"height\":682,\"caption\":\"Stella Care\"},\"image\":{\"@id\":\"https:\\\/\\\/stellacare.dk\\\/#\\\/schema\\\/logo\\\/image\\\/\"},\"sameAs\":[\"https:\\\/\\\/www.facebook.com\\\/stellacareApS\",\"https:\\\/\\\/www.linkedin.com\\\/company\\\/stella-care-aps\"]},{\"@type\":\"Person\",\"@id\":\"https:\\\/\\\/stellacare.dk\\\/#\\\/schema\\\/person\\\/83d38665f7c74c29e3bf887f853c1437\",\"name\":\"MK\",\"image\":{\"@type\":\"ImageObject\",\"inLanguage\":\"en-GB\",\"@id\":\"https:\\\/\\\/secure.gravatar.com\\\/avatar\\\/f55e62940a87d1532462222980f97a6d1b41caec684ce94638f85388ec1ac301?s=96&d=mm&r=g\",\"url\":\"https:\\\/\\\/secure.gravatar.com\\\/avatar\\\/f55e62940a87d1532462222980f97a6d1b41caec684ce94638f85388ec1ac301?s=96&d=mm&r=g\",\"contentUrl\":\"https:\\\/\\\/secure.gravatar.com\\\/avatar\\\/f55e62940a87d1532462222980f97a6d1b41caec684ce94638f85388ec1ac301?s=96&d=mm&r=g\",\"caption\":\"MK\"},\"sameAs\":[\"https:\\\/\\\/distracted-agnesi.46-36-214-149.plesk.page\"],\"url\":\"https:\\\/\\\/stellacare.dk\\\/en\\\/author\\\/mk-test\\\/\"}]}<\/script>\n<!-- \/ Yoast SEO plugin. -->","yoast_head_json":{"title":"Husk at hj\u00e6lpe dem som ikke husker selv! | Stella Care","description":"Tidlig GPS-brug kan forhindre, at personer med demens g\u00e5r tabt \u2013 skab tryghed og frihed med Stella Cares geofence-l\u00f8sning.","robots":{"index":"index","follow":"follow","max-snippet":"max-snippet:-1","max-image-preview":"max-image-preview:large","max-video-preview":"max-video-preview:-1"},"canonical":"https:\/\/stellacare.dk\/en\/hjaelpe-dem-som-ikke-husker-selv\/","og_locale":"en_GB","og_type":"article","og_title":"Husk at hj\u00e6lpe dem som ikke husker selv! | Stella Care","og_description":"Tidlig GPS-brug kan forhindre, at personer med demens g\u00e5r tabt \u2013 skab tryghed og frihed med Stella Cares geofence-l\u00f8sning.","og_url":"https:\/\/stellacare.dk\/en\/hjaelpe-dem-som-ikke-husker-selv\/","og_site_name":"Stella Care","article_publisher":"https:\/\/www.facebook.com\/stellacareApS","article_published_time":"2022-02-11T08:25:09+00:00","article_modified_time":"2025-08-13T11:16:36+00:00","og_image":[{"width":650,"height":334,"url":"https:\/\/obj3124.public-dk6.clu4.obj.storagefactory.io\/cdn.stellacare.dk\/stellacare.dk\/2025\/05\/19125626\/husk-at-hjaelpe-dem-som-ikke-husker-selv-stella-care.jpg","type":"image\/jpeg"}],"author":"MK","twitter_card":"summary_large_image","twitter_misc":{"Written by":"MK","Estimated reading time":"2 minutes"},"schema":{"@context":"https:\/\/schema.org","@graph":[{"@type":"Article","@id":"https:\/\/stellacare.dk\/hjaelpe-dem-som-ikke-husker-selv\/#article","isPartOf":{"@id":"https:\/\/stellacare.dk\/hjaelpe-dem-som-ikke-husker-selv\/"},"author":{"name":"MK","@id":"https:\/\/stellacare.dk\/#\/schema\/person\/83d38665f7c74c29e3bf887f853c1437"},"headline":"Husk at hj\u00e6lpe dem som ikke husker selv!","datePublished":"2022-02-11T08:25:09+00:00","dateModified":"2025-08-13T11:16:36+00:00","mainEntityOfPage":{"@id":"https:\/\/stellacare.dk\/hjaelpe-dem-som-ikke-husker-selv\/"},"wordCount":185,"commentCount":0,"publisher":{"@id":"https:\/\/stellacare.dk\/#organization"},"image":{"@id":"https:\/\/stellacare.dk\/hjaelpe-dem-som-ikke-husker-selv\/#primaryimage"},"thumbnailUrl":"https:\/\/obj3124.public-dk6.clu4.obj.storagefactory.io\/cdn.stellacare.dk\/stellacare.dk\/2025\/05\/19125626\/husk-at-hjaelpe-dem-som-ikke-husker-selv-stella-care.jpg","articleSection":["Uncategorized"],"inLanguage":"en-GB","potentialAction":[{"@type":"CommentAction","name":"Comment","target":["https:\/\/stellacare.dk\/hjaelpe-dem-som-ikke-husker-selv\/#respond"]}]},{"@type":"WebPage","@id":"https:\/\/stellacare.dk\/hjaelpe-dem-som-ikke-husker-selv\/","url":"https:\/\/stellacare.dk\/hjaelpe-dem-som-ikke-husker-selv\/","name":"Husk at hj\u00e6lpe dem som ikke husker selv! | Stella Care","isPartOf":{"@id":"https:\/\/stellacare.dk\/#website"},"primaryImageOfPage":{"@id":"https:\/\/stellacare.dk\/hjaelpe-dem-som-ikke-husker-selv\/#primaryimage"},"image":{"@id":"https:\/\/stellacare.dk\/hjaelpe-dem-som-ikke-husker-selv\/#primaryimage"},"thumbnailUrl":"https:\/\/obj3124.public-dk6.clu4.obj.storagefactory.io\/cdn.stellacare.dk\/stellacare.dk\/2025\/05\/19125626\/husk-at-hjaelpe-dem-som-ikke-husker-selv-stella-care.jpg","datePublished":"2022-02-11T08:25:09+00:00","dateModified":"2025-08-13T11:16:36+00:00","description":"Tidlig GPS-brug kan forhindre, at personer med demens g\u00e5r tabt \u2013 skab tryghed og frihed med Stella Cares geofence-l\u00f8sning.","breadcrumb":{"@id":"https:\/\/stellacare.dk\/hjaelpe-dem-som-ikke-husker-selv\/#breadcrumb"},"inLanguage":"en-GB","potentialAction":[{"@type":"ReadAction","target":["https:\/\/stellacare.dk\/hjaelpe-dem-som-ikke-husker-selv\/"]}]},{"@type":"ImageObject","inLanguage":"en-GB","@id":"https:\/\/stellacare.dk\/hjaelpe-dem-som-ikke-husker-selv\/#primaryimage","url":"https:\/\/obj3124.public-dk6.clu4.obj.storagefactory.io\/cdn.stellacare.dk\/stellacare.dk\/2025\/05\/19125626\/husk-at-hjaelpe-dem-som-ikke-husker-selv-stella-care.jpg","contentUrl":"https:\/\/obj3124.public-dk6.clu4.obj.storagefactory.io\/cdn.stellacare.dk\/stellacare.dk\/2025\/05\/19125626\/husk-at-hjaelpe-dem-som-ikke-husker-selv-stella-care.jpg","width":650,"height":334,"caption":"husk-at-hjaelpe-dem-som-ikke-husker-selv-stella-care"},{"@type":"BreadcrumbList","@id":"https:\/\/stellacare.dk\/hjaelpe-dem-som-ikke-husker-selv\/#breadcrumb","itemListElement":[{"@type":"ListItem","position":1,"name":"Home","item":"https:\/\/stellacare.dk\/"},{"@type":"ListItem","position":2,"name":"Husk at hj\u00e6lpe dem som ikke husker selv!"}]},{"@type":"WebSite","@id":"https:\/\/stellacare.dk\/#website","url":"https:\/\/stellacare.dk\/","name":"Stella Care","description":"Frihed til at glemme","publisher":{"@id":"https:\/\/stellacare.dk\/#organization"},"potentialAction":[{"@type":"SearchAction","target":{"@type":"EntryPoint","urlTemplate":"https:\/\/stellacare.dk\/?s={search_term_string}"},"query-input":{"@type":"PropertyValueSpecification","valueRequired":true,"valueName":"search_term_string"}}],"inLanguage":"en-GB"},{"@type":"Organization","@id":"https:\/\/stellacare.dk\/#organization","name":"Stella Care","url":"https:\/\/stellacare.dk\/","logo":{"@type":"ImageObject","inLanguage":"en-GB","@id":"https:\/\/stellacare.dk\/#\/schema\/logo\/image\/","url":"https:\/\/sandboxnew.stellacare.dk\/wp-content\/uploads\/2025\/05\/logo-rund.png","contentUrl":"https:\/\/sandboxnew.stellacare.dk\/wp-content\/uploads\/2025\/05\/logo-rund.png","width":682,"height":682,"caption":"Stella Care"},"image":{"@id":"https:\/\/stellacare.dk\/#\/schema\/logo\/image\/"},"sameAs":["https:\/\/www.facebook.com\/stellacareApS","https:\/\/www.linkedin.com\/company\/stella-care-aps"]},{"@type":"Person","@id":"https:\/\/stellacare.dk\/#\/schema\/person\/83d38665f7c74c29e3bf887f853c1437","name":"MK","image":{"@type":"ImageObject","inLanguage":"en-GB","@id":"https:\/\/secure.gravatar.com\/avatar\/f55e62940a87d1532462222980f97a6d1b41caec684ce94638f85388ec1ac301?s=96&d=mm&r=g","url":"https:\/\/secure.gravatar.com\/avatar\/f55e62940a87d1532462222980f97a6d1b41caec684ce94638f85388ec1ac301?s=96&d=mm&r=g","contentUrl":"https:\/\/secure.gravatar.com\/avatar\/f55e62940a87d1532462222980f97a6d1b41caec684ce94638f85388ec1ac301?s=96&d=mm&r=g","caption":"MK"},"sameAs":["https:\/\/distracted-agnesi.46-36-214-149.plesk.page"],"url":"https:\/\/stellacare.dk\/en\/author\/mk-test\/"}]}},"_links":{"self":[{"href":"https:\/\/stellacare.dk\/en\/wp-json\/wp\/v2\/posts\/716","targetHints":{"allow":["GET"]}}],"collection":[{"href":"https:\/\/stellacare.dk\/en\/wp-json\/wp\/v2\/posts"}],"about":[{"href":"https:\/\/stellacare.dk\/en\/wp-json\/wp\/v2\/types\/post"}],"author":[{"embeddable":true,"href":"https:\/\/stellacare.dk\/en\/wp-json\/wp\/v2\/users\/1"}],"replies":[{"embeddable":true,"href":"https:\/\/stellacare.dk\/en\/wp-json\/wp\/v2\/comments?post=716"}],"version-history":[{"count":1,"href":"https:\/\/stellacare.dk\/en\/wp-json\/wp\/v2\/posts\/716\/revisions"}],"predecessor-version":[{"id":718,"href":"https:\/\/stellacare.dk\/en\/wp-json\/wp\/v2\/posts\/716\/revisions\/718"}],"wp:featuredmedia":[{"embeddable":true,"href":"https:\/\/stellacare.dk\/en\/wp-json\/wp\/v2\/media\/717"}],"wp:attachment":[{"href":"https:\/\/stellacare.dk\/en\/wp-json\/wp\/v2\/media?parent=716"}],"wp:term":[{"taxonomy":"category","embeddable":true,"href":"https:\/\/stellacare.dk\/en\/wp-json\/wp\/v2\/categories?post=716"},{"taxonomy":"post_tag","embeddable":true,"href":"https:\/\/stellacare.dk\/en\/wp-json\/wp\/v2\/tags?post=716"}],"curies":[{"name":"wp","href":"https:\/\/api.w.org\/{rel}","templated":true}]}}