{"id":142,"date":"2025-05-05T07:32:39","date_gmt":"2025-05-05T07:32:39","guid":{"rendered":"https:\/\/distracted-agnesi.46-36-214-149.plesk.page\/?p=142"},"modified":"2025-08-13T11:10:10","modified_gmt":"2025-08-13T11:10:10","slug":"de-stoerste-myter-om-gps-loesninger-i-demenspleje","status":"publish","type":"post","link":"https:\/\/stellacare.dk\/no\/de-stoerste-myter-om-gps-loesninger-i-demenspleje\/","title":{"rendered":"De st\u00f8rste mytene om GPS-l\u00f8sninger i demensomsorgen \u2013 og hvorfor de ikke stemmer"},"content":{"rendered":"<div data-elementor-type=\"wp-post\" data-elementor-id=\"142\" class=\"elementor elementor-142\" data-elementor-post-type=\"post\">\n\t\t\t\t<div class=\"elementor-element elementor-element-4457a445 e-flex e-con-boxed e-con e-parent\" data-id=\"4457a445\" data-element_type=\"container\" data-e-type=\"container\">\n\t\t\t\t\t<div class=\"e-con-inner\">\n\t\t\t\t<div class=\"elementor-element elementor-element-2c551630 elementor-widget elementor-widget-text-editor\" data-id=\"2c551630\" data-element_type=\"widget\" data-e-type=\"widget\" data-widget_type=\"text-editor.default\">\n\t\t\t\t<div class=\"elementor-widget-container\">\n\t\t\t\t\t\t\t\t\t\n<p>GPS-teknologi har i de senere \u00e5r gjort sitt inntog i demensomsorgen \u2013 men selv i dag m\u00f8ter l\u00f8sningene ofte motstand, bekymringer og misforst\u00e5elser. Det er helt naturlig. N\u00e5r ny teknologi skal finne sin plass i en hverdag med mennesker, rutiner og omsorg, oppst\u00e5r sp\u00f8rsm\u00e5l. Her tar vi for oss noen av de mest utbredte mytene \u2013 og ser n\u00e6rmere p\u00e5 hvorfor de ikke holder.<\/p>\n\n<p>\u00a0<\/p>\n\n<h2>Myte 1: \"GPS-l\u00f8sninger er overv\u00e5kning\"<\/h2>\n<p>Det er stor forskjell p\u00e5 overv\u00e5kning og trygghet. GPS-l\u00f8sninger er utviklet for \u00e5 styrke friheten for personer med demens \u2013 ikke begrense den. N\u00e5r omgivelsene vet at de kan hjelpe til ved en n\u00f8dsituasjon, blir det rom for mer selvstendighet og mindre bekymring.<\/p>\n\n<p>\u00a0<\/p>\n\n<h2>Myte 2: \"Personer med demens kan ikke bruke teknologien\"<\/h2>\n<p>Det er en forst\u00e5elig bekymring \u2013 men moderne GPS-l\u00f8sninger krever ofte ingen handling fra personen selv. Teknologien er designet for \u00e5 v\u00e6re diskret og enkel, og kan administreres av p\u00e5r\u00f8rende eller fagpersoner via brukervennlige apper og plattformer.<\/p>\n\n<p>\u00a0<\/p>\n\n<h2>Myte 3: \"Vi har ikke ressurser til \u00e5 implementere det\"<\/h2>\n<p>Tid og kapasitet er alltid en faktor i omsorgen. Derfor m\u00e5 implementeringen v\u00e6re enkel og st\u00f8ttet gjennom hele prosessen. Med god introduksjon og l\u00f8pende support blir teknologien ikke en ekstra byrde \u2013 men en lettelse. Mange opplever at den faktisk frigj\u00f8r b\u00e5de tid og bekymringer.<\/p>\n\n<p>\u00a0<\/p>\n\n<h2>Myte 4: \"Det passer ikke inn i v\u00e5re arbeidsrutiner\"<\/h2>\n<p>Enhver ny l\u00f8sning m\u00e5 kunne tilpasses hverdagen \u2013 ikke omvendt. De mest effektive GPS-l\u00f8sningene blir en naturlig del av det eksisterende arbeidet og kan konfigureres etter behov, slik at de st\u00f8tter teamene i stedet for \u00e5 forstyrre dem.<\/p>\n\n<p>\u00a0<\/p>\n\n<h2>Teknologi med mennesket i sentrum<\/h2>\n<p>GPS-l\u00f8sninger fungerer best n\u00e5r de handler om mer enn bare teknologi. De handler om mennesker \u2013 og om \u00e5 skape mer trygghet, mer frihet og mer ro for b\u00e5de beboere, p\u00e5r\u00f8rende og fagpersonell. Har noen av disse mytene v\u00e6rt aktuelle i deres hverdag?\nEller er det andre sp\u00f8rsm\u00e5l som dukker opp n\u00e5r det gjelder teknologi i demensomsorgen?<\/p>\n\n<p><br \/>Hos Stella Care jobber vi for at GPS-l\u00f8sninger skal v\u00e6re tilgjengelige, enkle og verdige \u2013 for de som trenger det mest. Ta gjerne kontakt hvis dere \u00f8nsker r\u00e5dgivning, kunnskap eller en uforpliktende prat.<\/p>\n\n<p>\u00a0<\/p>\n\t\t\t\t\t\t\t\t<\/div>\n\t\t\t\t<\/div>\n\t\t\t\t\t<\/div>\n\t\t\t\t<\/div>\n\t\t\t\t<\/div>","protected":false},"excerpt":{"rendered":"<p>GPS-teknologi har i de seneste \u00e5r gjort sit indtog i demensplejen \u2013 men selv i dag m\u00f8der l\u00f8sningerne ofte modstand, bekymringer og misforst\u00e5elser. Det er helt naturligt. N\u00e5r nye teknologier skal finde plads i en hverdag med mennesker, rutiner og omsorg, opst\u00e5r der sp\u00f8rgsm\u00e5l. Her tager vi fat i nogle af de mest udbredte myter [&hellip;]<\/p>\n","protected":false},"author":1,"featured_media":116,"comment_status":"closed","ping_status":"closed","sticky":false,"template":"","format":"standard","meta":{"footnotes":""},"categories":[1],"tags":[],"class_list":["post-142","post","type-post","status-publish","format-standard","has-post-thumbnail","hentry","category-uncategorized"],"yoast_head":"<!-- This site is optimized with the Yoast SEO plugin v27.5 - https:\/\/yoast.com\/product\/yoast-seo-wordpress\/ -->\n<title>De st\u00f8rste myter om GPS-l\u00f8sninger i demenspleje | Stella Care<\/title>\n<meta name=\"description\" content=\"Bliv klogere p\u00e5 de st\u00f8rste myter om GPS-l\u00f8sninger i demenspleje. Opdag, hvorfor de faktisk skaber tryghed, frihed og v\u00e6rdi i hverdagen.\" \/>\n<meta name=\"robots\" content=\"index, follow, max-snippet:-1, max-image-preview:large, max-video-preview:-1\" \/>\n<link rel=\"canonical\" href=\"https:\/\/stellacare.dk\/no\/de-stoerste-myter-om-gps-loesninger-i-demenspleje\/\" \/>\n<meta property=\"og:locale\" content=\"nb_NO\" \/>\n<meta property=\"og:type\" content=\"article\" \/>\n<meta property=\"og:title\" content=\"De st\u00f8rste myter om GPS-l\u00f8sninger i demenspleje | Stella Care\" \/>\n<meta property=\"og:description\" content=\"Bliv klogere p\u00e5 de st\u00f8rste myter om GPS-l\u00f8sninger i demenspleje. Opdag, hvorfor de faktisk skaber tryghed, frihed og v\u00e6rdi i hverdagen.\" \/>\n<meta property=\"og:url\" content=\"https:\/\/stellacare.dk\/no\/de-stoerste-myter-om-gps-loesninger-i-demenspleje\/\" \/>\n<meta property=\"og:site_name\" content=\"Stella Care\" \/>\n<meta property=\"article:publisher\" content=\"https:\/\/www.facebook.com\/stellacareApS\" \/>\n<meta property=\"article:published_time\" content=\"2025-05-05T07:32:39+00:00\" \/>\n<meta property=\"article:modified_time\" content=\"2025-08-13T11:10:10+00:00\" \/>\n<meta property=\"og:image\" content=\"https:\/\/obj3124.public-dk6.clu4.obj.storagefactory.io\/cdn.stellacare.dk\/stellacare.dk\/2025\/05\/19125628\/et-straekt-faellesskab-stella-care-gps-tracker-teknologi-demens.jpg\" \/>\n\t<meta property=\"og:image:width\" content=\"600\" \/>\n\t<meta property=\"og:image:height\" content=\"600\" \/>\n\t<meta property=\"og:image:type\" content=\"image\/jpeg\" \/>\n<meta name=\"author\" content=\"MK\" \/>\n<meta name=\"twitter:card\" content=\"summary_large_image\" \/>\n<meta name=\"twitter:label1\" content=\"Skrevet av\" \/>\n\t<meta name=\"twitter:data1\" content=\"MK\" \/>\n\t<meta name=\"twitter:label2\" content=\"Ansl. lesetid\" \/>\n\t<meta name=\"twitter:data2\" content=\"3 minutter\" \/>\n<script type=\"application\/ld+json\" class=\"yoast-schema-graph\">{\"@context\":\"https:\\\/\\\/schema.org\",\"@graph\":[{\"@type\":\"Article\",\"@id\":\"https:\\\/\\\/stellacare.dk\\\/de-stoerste-myter-om-gps-loesninger-i-demenspleje\\\/#article\",\"isPartOf\":{\"@id\":\"https:\\\/\\\/stellacare.dk\\\/de-stoerste-myter-om-gps-loesninger-i-demenspleje\\\/\"},\"author\":{\"name\":\"MK\",\"@id\":\"https:\\\/\\\/stellacare.dk\\\/#\\\/schema\\\/person\\\/83d38665f7c74c29e3bf887f853c1437\"},\"headline\":\"De st\u00f8rste myter om GPS-l\u00f8sninger i demenspleje \u2013 og hvorfor de ikke passer\",\"datePublished\":\"2025-05-05T07:32:39+00:00\",\"dateModified\":\"2025-08-13T11:10:10+00:00\",\"mainEntityOfPage\":{\"@id\":\"https:\\\/\\\/stellacare.dk\\\/de-stoerste-myter-om-gps-loesninger-i-demenspleje\\\/\"},\"wordCount\":412,\"publisher\":{\"@id\":\"https:\\\/\\\/stellacare.dk\\\/#organization\"},\"image\":{\"@id\":\"https:\\\/\\\/stellacare.dk\\\/de-stoerste-myter-om-gps-loesninger-i-demenspleje\\\/#primaryimage\"},\"thumbnailUrl\":\"https:\\\/\\\/obj3124.public-dk6.clu4.obj.storagefactory.io\\\/cdn.stellacare.dk\\\/stellacare.dk\\\/2025\\\/05\\\/19125628\\\/et-straekt-faellesskab-stella-care-gps-tracker-teknologi-demens.jpg\",\"articleSection\":[\"Uncategorized\"],\"inLanguage\":\"nb-NO\"},{\"@type\":\"WebPage\",\"@id\":\"https:\\\/\\\/stellacare.dk\\\/de-stoerste-myter-om-gps-loesninger-i-demenspleje\\\/\",\"url\":\"https:\\\/\\\/stellacare.dk\\\/de-stoerste-myter-om-gps-loesninger-i-demenspleje\\\/\",\"name\":\"De st\u00f8rste myter om GPS-l\u00f8sninger i demenspleje | Stella Care\",\"isPartOf\":{\"@id\":\"https:\\\/\\\/stellacare.dk\\\/#website\"},\"primaryImageOfPage\":{\"@id\":\"https:\\\/\\\/stellacare.dk\\\/de-stoerste-myter-om-gps-loesninger-i-demenspleje\\\/#primaryimage\"},\"image\":{\"@id\":\"https:\\\/\\\/stellacare.dk\\\/de-stoerste-myter-om-gps-loesninger-i-demenspleje\\\/#primaryimage\"},\"thumbnailUrl\":\"https:\\\/\\\/obj3124.public-dk6.clu4.obj.storagefactory.io\\\/cdn.stellacare.dk\\\/stellacare.dk\\\/2025\\\/05\\\/19125628\\\/et-straekt-faellesskab-stella-care-gps-tracker-teknologi-demens.jpg\",\"datePublished\":\"2025-05-05T07:32:39+00:00\",\"dateModified\":\"2025-08-13T11:10:10+00:00\",\"description\":\"Bliv klogere p\u00e5 de st\u00f8rste myter om GPS-l\u00f8sninger i demenspleje. Opdag, hvorfor de faktisk skaber tryghed, frihed og v\u00e6rdi i hverdagen.\",\"breadcrumb\":{\"@id\":\"https:\\\/\\\/stellacare.dk\\\/de-stoerste-myter-om-gps-loesninger-i-demenspleje\\\/#breadcrumb\"},\"inLanguage\":\"nb-NO\",\"potentialAction\":[{\"@type\":\"ReadAction\",\"target\":[\"https:\\\/\\\/stellacare.dk\\\/de-stoerste-myter-om-gps-loesninger-i-demenspleje\\\/\"]}]},{\"@type\":\"ImageObject\",\"inLanguage\":\"nb-NO\",\"@id\":\"https:\\\/\\\/stellacare.dk\\\/de-stoerste-myter-om-gps-loesninger-i-demenspleje\\\/#primaryimage\",\"url\":\"https:\\\/\\\/obj3124.public-dk6.clu4.obj.storagefactory.io\\\/cdn.stellacare.dk\\\/stellacare.dk\\\/2025\\\/05\\\/19125628\\\/et-straekt-faellesskab-stella-care-gps-tracker-teknologi-demens.jpg\",\"contentUrl\":\"https:\\\/\\\/obj3124.public-dk6.clu4.obj.storagefactory.io\\\/cdn.stellacare.dk\\\/stellacare.dk\\\/2025\\\/05\\\/19125628\\\/et-straekt-faellesskab-stella-care-gps-tracker-teknologi-demens.jpg\",\"width\":600,\"height\":600,\"caption\":\"et-straekt-faellesskab-stella-care-gps-tracker-teknologi-demens\"},{\"@type\":\"BreadcrumbList\",\"@id\":\"https:\\\/\\\/stellacare.dk\\\/de-stoerste-myter-om-gps-loesninger-i-demenspleje\\\/#breadcrumb\",\"itemListElement\":[{\"@type\":\"ListItem\",\"position\":1,\"name\":\"Home\",\"item\":\"https:\\\/\\\/stellacare.dk\\\/\"},{\"@type\":\"ListItem\",\"position\":2,\"name\":\"De st\u00f8rste myter om GPS-l\u00f8sninger i demenspleje \u2013 og hvorfor de ikke passer\"}]},{\"@type\":\"WebSite\",\"@id\":\"https:\\\/\\\/stellacare.dk\\\/#website\",\"url\":\"https:\\\/\\\/stellacare.dk\\\/\",\"name\":\"Stella Care\",\"description\":\"Frihed til at glemme\",\"publisher\":{\"@id\":\"https:\\\/\\\/stellacare.dk\\\/#organization\"},\"potentialAction\":[{\"@type\":\"SearchAction\",\"target\":{\"@type\":\"EntryPoint\",\"urlTemplate\":\"https:\\\/\\\/stellacare.dk\\\/?s={search_term_string}\"},\"query-input\":{\"@type\":\"PropertyValueSpecification\",\"valueRequired\":true,\"valueName\":\"search_term_string\"}}],\"inLanguage\":\"nb-NO\"},{\"@type\":\"Organization\",\"@id\":\"https:\\\/\\\/stellacare.dk\\\/#organization\",\"name\":\"Stella Care\",\"url\":\"https:\\\/\\\/stellacare.dk\\\/\",\"logo\":{\"@type\":\"ImageObject\",\"inLanguage\":\"nb-NO\",\"@id\":\"https:\\\/\\\/stellacare.dk\\\/#\\\/schema\\\/logo\\\/image\\\/\",\"url\":\"https:\\\/\\\/sandboxnew.stellacare.dk\\\/wp-content\\\/uploads\\\/2025\\\/05\\\/logo-rund.png\",\"contentUrl\":\"https:\\\/\\\/sandboxnew.stellacare.dk\\\/wp-content\\\/uploads\\\/2025\\\/05\\\/logo-rund.png\",\"width\":682,\"height\":682,\"caption\":\"Stella Care\"},\"image\":{\"@id\":\"https:\\\/\\\/stellacare.dk\\\/#\\\/schema\\\/logo\\\/image\\\/\"},\"sameAs\":[\"https:\\\/\\\/www.facebook.com\\\/stellacareApS\",\"https:\\\/\\\/www.linkedin.com\\\/company\\\/stella-care-aps\"]},{\"@type\":\"Person\",\"@id\":\"https:\\\/\\\/stellacare.dk\\\/#\\\/schema\\\/person\\\/83d38665f7c74c29e3bf887f853c1437\",\"name\":\"MK\",\"image\":{\"@type\":\"ImageObject\",\"inLanguage\":\"nb-NO\",\"@id\":\"https:\\\/\\\/secure.gravatar.com\\\/avatar\\\/f55e62940a87d1532462222980f97a6d1b41caec684ce94638f85388ec1ac301?s=96&d=mm&r=g\",\"url\":\"https:\\\/\\\/secure.gravatar.com\\\/avatar\\\/f55e62940a87d1532462222980f97a6d1b41caec684ce94638f85388ec1ac301?s=96&d=mm&r=g\",\"contentUrl\":\"https:\\\/\\\/secure.gravatar.com\\\/avatar\\\/f55e62940a87d1532462222980f97a6d1b41caec684ce94638f85388ec1ac301?s=96&d=mm&r=g\",\"caption\":\"MK\"},\"sameAs\":[\"https:\\\/\\\/distracted-agnesi.46-36-214-149.plesk.page\"],\"url\":\"https:\\\/\\\/stellacare.dk\\\/no\\\/author\\\/mk-test\\\/\"}]}<\/script>\n<!-- \/ Yoast SEO plugin. -->","yoast_head_json":{"title":"De st\u00f8rste myter om GPS-l\u00f8sninger i demenspleje | Stella Care","description":"Bliv klogere p\u00e5 de st\u00f8rste myter om GPS-l\u00f8sninger i demenspleje. Opdag, hvorfor de faktisk skaber tryghed, frihed og v\u00e6rdi i hverdagen.","robots":{"index":"index","follow":"follow","max-snippet":"max-snippet:-1","max-image-preview":"max-image-preview:large","max-video-preview":"max-video-preview:-1"},"canonical":"https:\/\/stellacare.dk\/no\/de-stoerste-myter-om-gps-loesninger-i-demenspleje\/","og_locale":"nb_NO","og_type":"article","og_title":"De st\u00f8rste myter om GPS-l\u00f8sninger i demenspleje | Stella Care","og_description":"Bliv klogere p\u00e5 de st\u00f8rste myter om GPS-l\u00f8sninger i demenspleje. Opdag, hvorfor de faktisk skaber tryghed, frihed og v\u00e6rdi i hverdagen.","og_url":"https:\/\/stellacare.dk\/no\/de-stoerste-myter-om-gps-loesninger-i-demenspleje\/","og_site_name":"Stella Care","article_publisher":"https:\/\/www.facebook.com\/stellacareApS","article_published_time":"2025-05-05T07:32:39+00:00","article_modified_time":"2025-08-13T11:10:10+00:00","og_image":[{"width":600,"height":600,"url":"https:\/\/obj3124.public-dk6.clu4.obj.storagefactory.io\/cdn.stellacare.dk\/stellacare.dk\/2025\/05\/19125628\/et-straekt-faellesskab-stella-care-gps-tracker-teknologi-demens.jpg","type":"image\/jpeg"}],"author":"MK","twitter_card":"summary_large_image","twitter_misc":{"Skrevet av":"MK","Ansl. lesetid":"3 minutter"},"schema":{"@context":"https:\/\/schema.org","@graph":[{"@type":"Article","@id":"https:\/\/stellacare.dk\/de-stoerste-myter-om-gps-loesninger-i-demenspleje\/#article","isPartOf":{"@id":"https:\/\/stellacare.dk\/de-stoerste-myter-om-gps-loesninger-i-demenspleje\/"},"author":{"name":"MK","@id":"https:\/\/stellacare.dk\/#\/schema\/person\/83d38665f7c74c29e3bf887f853c1437"},"headline":"De st\u00f8rste myter om GPS-l\u00f8sninger i demenspleje \u2013 og hvorfor de ikke passer","datePublished":"2025-05-05T07:32:39+00:00","dateModified":"2025-08-13T11:10:10+00:00","mainEntityOfPage":{"@id":"https:\/\/stellacare.dk\/de-stoerste-myter-om-gps-loesninger-i-demenspleje\/"},"wordCount":412,"publisher":{"@id":"https:\/\/stellacare.dk\/#organization"},"image":{"@id":"https:\/\/stellacare.dk\/de-stoerste-myter-om-gps-loesninger-i-demenspleje\/#primaryimage"},"thumbnailUrl":"https:\/\/obj3124.public-dk6.clu4.obj.storagefactory.io\/cdn.stellacare.dk\/stellacare.dk\/2025\/05\/19125628\/et-straekt-faellesskab-stella-care-gps-tracker-teknologi-demens.jpg","articleSection":["Uncategorized"],"inLanguage":"nb-NO"},{"@type":"WebPage","@id":"https:\/\/stellacare.dk\/de-stoerste-myter-om-gps-loesninger-i-demenspleje\/","url":"https:\/\/stellacare.dk\/de-stoerste-myter-om-gps-loesninger-i-demenspleje\/","name":"De st\u00f8rste myter om GPS-l\u00f8sninger i demenspleje | Stella Care","isPartOf":{"@id":"https:\/\/stellacare.dk\/#website"},"primaryImageOfPage":{"@id":"https:\/\/stellacare.dk\/de-stoerste-myter-om-gps-loesninger-i-demenspleje\/#primaryimage"},"image":{"@id":"https:\/\/stellacare.dk\/de-stoerste-myter-om-gps-loesninger-i-demenspleje\/#primaryimage"},"thumbnailUrl":"https:\/\/obj3124.public-dk6.clu4.obj.storagefactory.io\/cdn.stellacare.dk\/stellacare.dk\/2025\/05\/19125628\/et-straekt-faellesskab-stella-care-gps-tracker-teknologi-demens.jpg","datePublished":"2025-05-05T07:32:39+00:00","dateModified":"2025-08-13T11:10:10+00:00","description":"Bliv klogere p\u00e5 de st\u00f8rste myter om GPS-l\u00f8sninger i demenspleje. Opdag, hvorfor de faktisk skaber tryghed, frihed og v\u00e6rdi i hverdagen.","breadcrumb":{"@id":"https:\/\/stellacare.dk\/de-stoerste-myter-om-gps-loesninger-i-demenspleje\/#breadcrumb"},"inLanguage":"nb-NO","potentialAction":[{"@type":"ReadAction","target":["https:\/\/stellacare.dk\/de-stoerste-myter-om-gps-loesninger-i-demenspleje\/"]}]},{"@type":"ImageObject","inLanguage":"nb-NO","@id":"https:\/\/stellacare.dk\/de-stoerste-myter-om-gps-loesninger-i-demenspleje\/#primaryimage","url":"https:\/\/obj3124.public-dk6.clu4.obj.storagefactory.io\/cdn.stellacare.dk\/stellacare.dk\/2025\/05\/19125628\/et-straekt-faellesskab-stella-care-gps-tracker-teknologi-demens.jpg","contentUrl":"https:\/\/obj3124.public-dk6.clu4.obj.storagefactory.io\/cdn.stellacare.dk\/stellacare.dk\/2025\/05\/19125628\/et-straekt-faellesskab-stella-care-gps-tracker-teknologi-demens.jpg","width":600,"height":600,"caption":"et-straekt-faellesskab-stella-care-gps-tracker-teknologi-demens"},{"@type":"BreadcrumbList","@id":"https:\/\/stellacare.dk\/de-stoerste-myter-om-gps-loesninger-i-demenspleje\/#breadcrumb","itemListElement":[{"@type":"ListItem","position":1,"name":"Home","item":"https:\/\/stellacare.dk\/"},{"@type":"ListItem","position":2,"name":"De st\u00f8rste myter om GPS-l\u00f8sninger i demenspleje \u2013 og hvorfor de ikke passer"}]},{"@type":"WebSite","@id":"https:\/\/stellacare.dk\/#website","url":"https:\/\/stellacare.dk\/","name":"Stella Care","description":"Frihed til at glemme","publisher":{"@id":"https:\/\/stellacare.dk\/#organization"},"potentialAction":[{"@type":"SearchAction","target":{"@type":"EntryPoint","urlTemplate":"https:\/\/stellacare.dk\/?s={search_term_string}"},"query-input":{"@type":"PropertyValueSpecification","valueRequired":true,"valueName":"search_term_string"}}],"inLanguage":"nb-NO"},{"@type":"Organization","@id":"https:\/\/stellacare.dk\/#organization","name":"Stella Care","url":"https:\/\/stellacare.dk\/","logo":{"@type":"ImageObject","inLanguage":"nb-NO","@id":"https:\/\/stellacare.dk\/#\/schema\/logo\/image\/","url":"https:\/\/sandboxnew.stellacare.dk\/wp-content\/uploads\/2025\/05\/logo-rund.png","contentUrl":"https:\/\/sandboxnew.stellacare.dk\/wp-content\/uploads\/2025\/05\/logo-rund.png","width":682,"height":682,"caption":"Stella Care"},"image":{"@id":"https:\/\/stellacare.dk\/#\/schema\/logo\/image\/"},"sameAs":["https:\/\/www.facebook.com\/stellacareApS","https:\/\/www.linkedin.com\/company\/stella-care-aps"]},{"@type":"Person","@id":"https:\/\/stellacare.dk\/#\/schema\/person\/83d38665f7c74c29e3bf887f853c1437","name":"MK","image":{"@type":"ImageObject","inLanguage":"nb-NO","@id":"https:\/\/secure.gravatar.com\/avatar\/f55e62940a87d1532462222980f97a6d1b41caec684ce94638f85388ec1ac301?s=96&d=mm&r=g","url":"https:\/\/secure.gravatar.com\/avatar\/f55e62940a87d1532462222980f97a6d1b41caec684ce94638f85388ec1ac301?s=96&d=mm&r=g","contentUrl":"https:\/\/secure.gravatar.com\/avatar\/f55e62940a87d1532462222980f97a6d1b41caec684ce94638f85388ec1ac301?s=96&d=mm&r=g","caption":"MK"},"sameAs":["https:\/\/distracted-agnesi.46-36-214-149.plesk.page"],"url":"https:\/\/stellacare.dk\/no\/author\/mk-test\/"}]}},"_links":{"self":[{"href":"https:\/\/stellacare.dk\/no\/wp-json\/wp\/v2\/posts\/142","targetHints":{"allow":["GET"]}}],"collection":[{"href":"https:\/\/stellacare.dk\/no\/wp-json\/wp\/v2\/posts"}],"about":[{"href":"https:\/\/stellacare.dk\/no\/wp-json\/wp\/v2\/types\/post"}],"author":[{"embeddable":true,"href":"https:\/\/stellacare.dk\/no\/wp-json\/wp\/v2\/users\/1"}],"replies":[{"embeddable":true,"href":"https:\/\/stellacare.dk\/no\/wp-json\/wp\/v2\/comments?post=142"}],"version-history":[{"count":6,"href":"https:\/\/stellacare.dk\/no\/wp-json\/wp\/v2\/posts\/142\/revisions"}],"predecessor-version":[{"id":1798,"href":"https:\/\/stellacare.dk\/no\/wp-json\/wp\/v2\/posts\/142\/revisions\/1798"}],"wp:featuredmedia":[{"embeddable":true,"href":"https:\/\/stellacare.dk\/no\/wp-json\/wp\/v2\/media\/116"}],"wp:attachment":[{"href":"https:\/\/stellacare.dk\/no\/wp-json\/wp\/v2\/media?parent=142"}],"wp:term":[{"taxonomy":"category","embeddable":true,"href":"https:\/\/stellacare.dk\/no\/wp-json\/wp\/v2\/categories?post=142"},{"taxonomy":"post_tag","embeddable":true,"href":"https:\/\/stellacare.dk\/no\/wp-json\/wp\/v2\/tags?post=142"}],"curies":[{"name":"wp","href":"https:\/\/api.w.org\/{rel}","templated":true}]}}